{"id":730,"date":"2020-04-03T15:23:00","date_gmt":"2020-04-03T13:23:00","guid":{"rendered":"https:\/\/benedict-witzenberger.de\/wordpress\/?p=730"},"modified":"2020-04-03T15:24:09","modified_gmt":"2020-04-03T13:24:09","slug":"wie-datenjournalisten-ueber-das-coronavirus-berichten","status":"publish","type":"post","link":"https:\/\/benedict-witzenberger.de\/wordpress\/2020\/04\/03\/wie-datenjournalisten-ueber-das-coronavirus-berichten\/","title":{"rendered":"Wie Datenjournalisten \u00fcber das Coronavirus berichten"},"content":{"rendered":"\n<p>Es gibt momentan nur ein Thema: das Coronavirus. Covid-19 bringt Nachrichtenwebseiten Rekordzugriffszahlen und Datenjournalisten gro\u00dfe Aufmerksamkeit. Allerdings birgt das Thema auch manche Probleme. Ein paar Gedanken. <\/p>\n\n\n\n<!--more-->\n\n\n\n<blockquote class=\"wp-block-quote\"><p>Mysteri\u00f6se Lungenkrankheit in Zentralchina ausgebrochen<\/p><cite>dpa, 31. Dezember 2019<\/cite><\/blockquote>\n\n\n\n<p>So lautet die \u00dcberschrift einer kleinen Meldung der dpa am Ende des vergangenen Jahres. 27 Erkrankte hatten die Gesundheitsbeh\u00f6rden in Wuhan damals vermeldet. Heute, knapp vier Monate sp\u00e4ter, liegt die Zahl der best\u00e4tigten Coronavirus-Infizierten weltweit deutlich \u00fcber der Millionenmarke.<\/p>\n\n\n\n<p>In Deutschland leben wir seit einigen Wochen unter Ausnahmebeschr\u00e4nkungen, wir arbeiten teilweise von zuhause, gehen kaum noch raus, treffen keine anderen Menschen. Es wundert daher vermutlich kaum, dass die Menschen in dieser Zeit ein sehr hohes Informationsbed\u00fcrfnis haben. Sehr erfreulich f\u00fcr die &#8222;klassischen Medien&#8220; ist die Beobachtung, dass die Nutzer dieses Bed\u00fcrfnis anscheinend <a href=\"https:\/\/medium.com\/fertiges-unfertiges\/mapping-the-changing-media-consumption-habits-in-the-face-of-a-pandemic-f5ba5e6fad91\" target=\"_blank\" rel=\"noreferrer noopener\">verst\u00e4rkt auf den Nachrichtenwebseiten und im \u00f6ffentlich-rechtlichen Rundfunk gestillt haben m\u00f6chten<\/a>. Nicht auf Seiten mit &#8222;alternativen Fakten&#8220; oder Verschw\u00f6rungstheorien im Internet. Auch wenn diese durchaus <a rel=\"noreferrer noopener\" aria-label=\"auch aufbl\u00fchen (\u00f6ffnet in neuem Tab)\" href=\"https:\/\/www.sueddeutsche.de\/medien\/coronavirus-fake-news-whatsapp-1.4858827\" target=\"_blank\">auch aufbl\u00fchen<\/a>.<\/p>\n\n\n\n<p>Gerade f\u00fcr Datenjournalisten gibt es in dieser Krise viel zu tun: <\/p>\n\n\n\n<ul><li>Es gibt sehr viele Daten, die verst\u00e4ndlich visualisiert werden sollten.<\/li><li>Es gibt viel Unsicherheit in den verwendeten Modellen, die richtig interpretiert und kommuniziert werden muss.<\/li><li>Es herrscht ein enormer Druck, neue Entwicklungen zeitnah abzubilden, ohne &#8222;falsche&#8220; Zahlen zu verbreiten.<\/li><li>Andererseits gibt es keine &#8222;richtigen&#8220; Zahlen. Denn wir werden nie die korrekte Zahl aller Infizierten abbilden k\u00f6nnen. Auch das m\u00fcssen wir immer wieder klarmachen.<\/li><\/ul>\n\n\n\n<p>Zu Beginn der Krise ging es uns haupts\u00e4chlich um klassische Visualisierungen. Vor allem ging es um die Frage: Wie gro\u00df ist die Zahl der Infizierten anderswo? Solange das Virus nur in China nachgewiesen war, gab es eine zentrale Quelle. Doch dann begann es auch in anderen Staaten aufzutauchen. Wir brauchten eine neue Quelle, die im Idealfall die ganze Welt abdeckt.<\/p>\n\n\n\n<h2>Wo kommen die Daten her?<\/h2>\n\n\n\n<p>Vor allem zu Beginn des Coronvirus-Ausbruchs in China (und f\u00fcr alle L\u00e4nder au\u00dfer Deutschland auch weiterhin) haben wir die Daten der Johns-Hopkins-Universit\u00e4t verwendet. Die Forscher dort sammeln die Daten zu Infizierten und Verstorbenen pro Land in einem <a rel=\"noreferrer noopener\" aria-label=\"Dashboard, das mehrmals am Tag aktualisiert wird (\u00f6ffnet in neuem Tab)\" href=\"https:\/\/www.arcgis.com\/apps\/opsdashboard\/index.html#\/bda7594740fd40299423467b48e9ecf6\" target=\"_blank\">Dashboard, das mehrmals am Tag aktualisiert wird<\/a>. Und machen die zugrundeliegenden Daten einmal t\u00e4glich auch \u00fcber <a rel=\"noreferrer noopener\" aria-label=\"ein Github-Repository (\u00f6ffnet in neuem Tab)\" href=\"https:\/\/github.com\/CSSEGISandData\/COVID-19\" target=\"_blank\">ein Github-Repository<\/a> zug\u00e4nglich. Bis Mitte M\u00e4rz wurden au\u00dferdem die Zahlen der genesenen Patienten ver\u00f6ffentlicht. Das wurde inzwischen eingestellt. Vermutlich ist die Arbeitslast deutlich gestiegen, seitdem Covid-19 auch in den USA angekommen ist &#8211; denn f\u00fcr dort ermittelt die Johns-Hopkins sogar die Zahl der Tests.<\/p>\n\n\n\n<p>Johns-Hopkins ermittelt die Zahl nicht nur aus offiziellen Bekanntmachungen, sondern arbeitet unter anderem auch mit Medien zusammen, die kleinr\u00e4umigere Daten sammeln und vor allem schneller sein sollen, als die amtlichen Statistiken. Denn je schneller wir wissen, wie sich die Zahlen ver\u00e4ndern, umso schneller k\u00f6nnen Politik und Medizin darauf reagieren.<\/p>\n\n\n\n<p>Die deutschen Zahlen f\u00fcr das JHU\/CSSE-Dashboard kommen \u00fcber Umwege von den Kolleginnen und Kollegen des Funke Interaktiv-Teams &#8211; die sie wiederum von den Landesgesundheits\u00e4mtern sammeln:<\/p>\n\n\n\n<div class=\"eucookie\" style=\"color:#FFFFFF; background: rgba(26,188,156,0.85) url('https:\/\/benedict-witzenberger.de\/wordpress\/wp-content\/plugins\/eu-cookie-law\/img\/block.png') no-repeat; background-position: -30px -20px; width:550;height:<figure class;\"><span><b>Der Inhalt ist nicht verf\u00fcgbar.<\/b><br><small>Bitte erlaube Cookies, indem du auf \u00dcbernehmen im Banner klickst.<\/small><\/span><\/div><div class=\"clear\"><\/div>\n\n\n\n<p>Au\u00dferdem nutzt die JHU Zeit Online und den Berliner Tagesspiegel als Quelle. Vermutlich \u00fcber den Umweg Worldometers, einer Datenwebseite des Unternehmens Dadax. [<a href=\"https:\/\/www.tagesschau.de\/inland\/johns-hopkins-uni-corona-zahlen-101.html\" target=\"_blank\" rel=\"noreferrer noopener\">Tagesschau.de hat versucht, das nachzuzeichnen.<\/a>]<\/p>\n\n\n\n<p>Fazit: Die Johns-Hopkins ist eine gute Quelle f\u00fcr die weltweiten Zahlen. Vermutlich nicht stundenaktuell, aber f\u00fcr einen Eindruck ausreichend. Aber gerade f\u00fcr Deutschland und die einzelnen Bundesl\u00e4nder wollen wir eigentlich aktuellere und direktere Daten. Die erste Anlaufstation w\u00e4re die zust\u00e4ndige Stelle auf Bundesebene:<\/p>\n\n\n\n<h2>Probleme mit dem Robert-Koch-Institut<\/h2>\n\n\n\n<p>Das Robert-Koch-Institut wurde in der Berichterstattung immer wieder kritisiert. Teilweise dauerte es mehrere Tage, bis die Zahlen dort den Stand der Johns-Hopkins-Zahlen erreichten. Der Grund: Der lange amtliche \u00dcbertragungsweg \u00fcber die Gesundheitsbeh\u00f6rden der Kreise, zu den Gesundheitsministerien der L\u00e4nder, zum RKI. [Mehr zu diesem Prozess hat mein Kollege Christian Endt <a rel=\"noreferrer noopener\" aria-label=\"hier aufgeschrieben (\u00f6ffnet in neuem Tab)\" href=\"https:\/\/www.sueddeutsche.de\/politik\/coronavirus-rki-wieler-infektionszahlen-1.4857013\" target=\"_blank\">hier aufgeschrieben<\/a>.] Inzwischen sind die Zahlen des RKI auf ein neues, elektronisches Meldesystem umgestellt worden. Aber eine Verz\u00f6gerung l\u00e4sstsich auch dadurch nicht vermeiden. Wir versuchen deshalb, wo es geht, auf die RKI-Zahlen zu verzichten.<\/p>\n\n\n\n<p>Wie machen das andere L\u00e4nder (zugegebenerma\u00dfen immer mit anderen Vorraussetzungen)?<\/p>\n\n\n\n<ul><li>Sciensano, das belgische Gesundheitsinstitut, <a rel=\"noreferrer noopener\" aria-label=\"publiziert inzwischen (\u00f6ffnet in neuem Tab)\" href=\"https:\/\/epistat.wiv-isp.be\/covid\/\" target=\"_blank\">publiziert inzwischen<\/a> die Zahl der Infizierten, die Zahl der Tests, die Zahl der Covid-19-Patienten im Krankenhaus und die Zahl der Verstorbenen t\u00e4glich auf Provinzebene. Und das ganze als Excel, CSV und JSON &#8211; also herausragend machinenlesbar.<\/li><li>Italien ver\u00f6ffentlicht seine Infiziertenzahlen <a rel=\"noreferrer noopener\" aria-label=\"in einem Dashboard (\u00f6ffnet in neuem Tab)\" href=\"http:\/\/opendatadpc.maps.arcgis.com\/apps\/opsdashboard\/index.html#\/b0c68bce2cce478eaac82fe38d4138b1\" target=\"_blank\">in einem Dashboard<\/a> und als Open Data (sogar in Englisch) <a rel=\"noreferrer noopener\" aria-label=\"auf Github (\u00f6ffnet in neuem Tab)\" href=\"https:\/\/github.com\/pcm-dpc\/COVID-19\" target=\"_blank\">auf Github<\/a>.<\/li><li>Sogar der &#8222;ber\u00fcchtige&#8220; britische NHS l\u00e4sst einen Teil seiner regul\u00e4ren Datensammlungsaufgaben ruhen, um <a rel=\"noreferrer noopener\" aria-label=\"mehr Kapazit\u00e4ten f\u00fcr die Daten zu Covid-19 (\u00f6ffnet in neuem Tab)\" href=\"https:\/\/digital.nhs.uk\/coronavirus\/coronavirus-data-services-updates\" target=\"_blank\">mehr Kapazit\u00e4ten f\u00fcr die Daten zu Covid-19<\/a> zu haben.<\/li><\/ul>\n\n\n\n<p>Auch das Robert-Koch-Institut erm\u00f6glicht \u00fcber <a rel=\"noreferrer noopener\" aria-label=\"ein Dashboard (\u00f6ffnet in neuem Tab)\" href=\"https:\/\/experience.arcgis.com\/experience\/478220a4c454480e823b17327b2bf1d4\" target=\"_blank\">ein Dashboard<\/a> seit etwa einer Woche auch den Zugang zu sehr viel kleinr\u00e4umigeren Daten, als zu Beginn der Krise. Und dank dem Geodaten-Anbeiter ESRI werden die Daten hinter dem Dashboard <a rel=\"noreferrer noopener\" aria-label=\"als Open Data angeboten (\u00f6ffnet in neuem Tab)\" href=\"https:\/\/npgeo-corona-npgeo-de.hub.arcgis.com\/search?groupIds=b28109b18022405bb965c602b13e1bbc\" target=\"_blank\">als Open Data angeboten<\/a>.<\/p>\n\n\n\n<p>Das bedeutet \u00fcbrigens nicht, das das RKI gerade einen besonders schlechten Job macht. Immerhin werden \u00fcberhaupt Daten ver\u00f6ffentlicht. Und zwar sehr regelm\u00e4\u00dfig und mit zunehmender Detailtiefe. Aber: Der langsame Start und die Probleme bei der \u00dcbermittlung (teilweise kommen am Wochenende aus manchen Orten keine Meldungen) zeigen einfach, wie schlecht es um Open Data in vielen Bereichen der \u00f6ffentlichen Verwaltung in Deutschland bestellt ist. Wen das genauer interessiert, der sei auf die Experten dazu verwiesen: zum Beispiel die <a rel=\"noreferrer noopener\" aria-label=\"OpenKnowledgeFoundation (\u00f6ffnet in neuem Tab)\" href=\"https:\/\/okfn.de\/\" target=\"_blank\">OpenKnowledgeFoundation<\/a>.<\/p>\n\n\n\n<h2>Es gibt auch private Datensammler<\/h2>\n\n\n\n<p>Dass die Datenbasis in Deutschland besser wird, haben wir Initiativen wie Risklayer zu verdanken. Das ist eine Kooperation des Center for Disaster Management and Risk Reduction Technology (CEDIM) am Karlsruher Intitut f\u00fcr Technologie undRisklayer, einer Analysedatenbank zur Risikobewertung. In Kombination mit einem Crowdsourcing und smartem Webscraping werden so viele Quellen (Landesgesundheits\u00e4mter und lokale Beh\u00f6rden) kombiniert. Das Ergebnis: Ziemlich aktuelle und kleinr\u00e4umige Daten. (Eine weitere, wenn auch inoffizielle Quelle ist <a rel=\"noreferrer noopener\" aria-label=\"coronavirus.jetzt (\u00f6ffnet in neuem Tab)\" href=\"https:\/\/www.coronavirus.jetzt\/\" target=\"_blank\">coronavirus.jetzt<\/a>). Bei dem Tagesspiegel habe ich Risklayer auch schon als Quelle in Grafiken entdeckt.<\/p>\n\n\n\n<h2>Wie wir unsere Coronavirus-Daten sammeln<\/h2>\n\n\n\n<p>Auch wir standen vor dem Problem, wie wir unseren Leserinnen und Lesern aktuelle Zahlen, am besten f\u00fcr alle Bundesl\u00e4nder anbieten k\u00f6nnen. Dabei haben ein paar Kollegen aus der Politikredaktion ein einfaches Verfahren entwickelt: Ein Googlesheet. Sie recherchieren f\u00fcr jedes Bundesland die aktuellsten Zahlen und tragen sie in das Sheet ein. Der Vorteil: Wir m\u00fcssen uns nicht auf eine Quelle verlassen, die m\u00f6glicherweise langsam ist. Der Nachteil: dieser Job bleibt bei Menschen h\u00e4ngen.<\/p>\n\n\n\n<p>Damit wir diese Menschen daf\u00fcr an anderer Stelle entlasten, haben wir sehr viele Grafiken automatisiert. [Wer sich f\u00fcr die Skripte dahinter interessiert, findet einen Stand <a rel=\"noreferrer noopener\" href=\"https:\/\/github.com\/sueddeutsche\/corona_automated_charts\" target=\"_blank\">auf dem SZ-Github-Account<\/a>. Die Automatisierung funktioniert \u00fcber das <a href=\"https:\/\/benedict-witzenberger.de\/wordpress\/2019\/12\/02\/introducing-datawrappr\/\" target=\"_blank\" rel=\"noreferrer noopener\">DatawRappr-Package<\/a>]. Jede halbe Stunde werden inzwischen an die zehn Grafiken automatisch auf den neuesten Stand gebracht. Ohne, dass jemand h\u00e4ndisch etwas daf\u00fcr tun muss.<\/p>\n\n\n\n<p>F\u00fcr die deutschen Bundesl\u00e4nder verwenden wir also Daten aus der eigenen SZ-Recherche, f\u00fcr die ganze Welt nehmen wir Johns-Hopkins. Aktuell haben wir noch eine Karte mit den deutschen Kreisen &#8211; daf\u00fcr nehmen wir Daten des RKI, normalisiert auf 100.000 Einwohner.<\/p>\n\n\n\n<h2>Normalisierte Karten zum Coronavirus?<\/h2>\n\n\n\n<p>\u00dcber die Frage &#8222;Normalisieren oder nicht?&#8220; gab es einige Diskussionen unter deutschen Datenjournalist\u00efnnen auf Twitter. Als es nur wenige F\u00e4lle weltweit (oder auch in Deutschland gab) pl\u00e4dierten viele (auch wir) daf\u00fcr, die Zahl der F\u00e4lle absolut zu zeigen, als Kreise. Warum?<\/p>\n\n\n\n<p>Je kleiner die Zahl der F\u00e4lle, umso eher steckt dahinter eine einmalige Ansteckungsgeschichte. Die Kappensitzung im Kreis Heinsberg, mutma\u00dflich das Starkbierfest in Mitterteich. Diese F\u00e4lle stechen heraus. Solange ein Virus nicht halbwegs regional breit gestreut ist (wie Verbrechen oder Autounf\u00e4lle) macht eine Normalisierung wenig Sinn. Ja, in China leben viele Menschen. Ja, die Ansteckung durch ein Virus h\u00e4ngt bestimmt auch damit zusammen, wie dicht Menschen zusammentreffen. Aber eben nicht nur. Au\u00dferdem (so mein Eindruck) interessiert viele Menschen die absolute Zahl der Erkrankten in ihrer N\u00e4he. Wir haben deswegen lange auf eine Normalisierung verzichtet. Inzwischen nutzen wir sie auf der oben angesprochenen Karte der deutschen Landkreise.<\/p>\n\n\n\n<p>Aber: Solche Entscheidungen bleiben nicht ohne Debatte. Innerhalb und au\u00dferhalb des Teams. <\/p>\n\n\n\n<div class=\"eucookie\" style=\"color:#FFFFFF; background: rgba(26,188,156,0.85) url('https:\/\/benedict-witzenberger.de\/wordpress\/wp-content\/plugins\/eu-cookie-law\/img\/block.png') no-repeat; background-position: -30px -20px; width:550;height:<figure class;\"><span><b>Der Inhalt ist nicht verf\u00fcgbar.<\/b><br><small>Bitte erlaube Cookies, indem du auf \u00dcbernehmen im Banner klickst.<\/small><\/span><\/div><div class=\"clear\"><\/div>\n\n\n\n<h2>Von Grafiken zum Coronavirus-Dashboard<\/h2>\n\n\n\n<p>&#8222;FlattenTheCurve&#8220; geisterte vor wenigen Wochen durch soziale Netzwerke. Eine wesentliche Variable davon ist aber auch: Die Verdopplungsrate. Wie schnell verdoppelt sich die Zahl der Infizierten? Bundeskanzlerin Merkel gab die Marke von zehn Tagen aus, ab der man \u00fcber die Aufhebung der Ausgangsbeschr\u00e4nkungen sprechen k\u00f6nnte. Diese Verdopplungszahl haben wir seit einigen Wochen als festes Element in einem Dashboard auf der Homepage untergebracht. Sie soll ein bisschen weiterf\u00fchren. Und ist eine eigene Berechnung aus den vorhandenen Daten.<\/p>\n\n\n\n<figure class=\"wp-block-image size-large\"><img loading=\"lazy\" width=\"626\" height=\"563\" src=\"https:\/\/benedict-witzenberger.de\/wordpress\/wp-content\/uploads\/2020\/03\/SZ-Corona-Dashboard.png\" alt=\"\" class=\"wp-image-765\" srcset=\"https:\/\/benedict-witzenberger.de\/wordpress\/wp-content\/uploads\/2020\/03\/SZ-Corona-Dashboard.png 626w, https:\/\/benedict-witzenberger.de\/wordpress\/wp-content\/uploads\/2020\/03\/SZ-Corona-Dashboard-300x270.png 300w\" sizes=\"(max-width: 626px) 100vw, 626px\" \/><figcaption>Das Corona-Dashboard auf SZ.de<\/figcaption><\/figure>\n\n\n\n<p>Vor allem bei der Spalte &#8222;Trend&#8220; haben wir gemerkt, wie hoch das \u00f6ffentliche Interesse aktuell ist. Noch nie habe ich so viele Lesermails bekommen. Sehr interessant war, wie sich die Menschen darin ge\u00e4u\u00dfert haben. W\u00e4hrend die Debatte auf Twitter in vielen F\u00e4llen sachlich und konstruktiv war (auch das ist bemerkenswert), hatten wir in vielen Mails das Gef\u00fchl, man wollte uns grunds\u00e4tzlich unterstellen, dass wir keine Ahnung h\u00e4tten und unsere Darstellung v\u00f6llig falsch sei. Als ob wir uns nichts dabei gedacht haben. Die konstruktiven Mailschreiber haben aber dankenswerterweise viel wertvolles Feedback geschickt.<\/p>\n\n\n\n<h2>Wie die Datenjournalistenszene mit Covid-19 umgeht<\/h2>\n\n\n\n<p>Sehr sch\u00f6n finde ich den Ansatz, dass inzwischen fast jedes DDJ-Team ein Dashboard produziert hat. Alle haben einen bisschen anderen Angang &#8211; ich halte die Grundidee aber f\u00fcr total richtig, solange man mit einem Dashboard weiterhin eine Art &#8222;Story&#8220; erz\u00e4hlen kann.<\/p>\n\n\n<style type=\"text\/css\">\n#foogallery-gallery-781 .fg-image { width: 150px; }\n#foogallery-gallery-781 { --fg-gutter: 10px; }<\/style>\n\t\t\t<div class=\"foogallery foogallery-container foogallery-default foogallery-lightbox-none fg-center fg-default fg-ready fg-light fg-border-thin fg-shadow-outline fg-loading-default fg-loaded-fade-in fg-caption-hover fg-hover-fade fg-hover-zoom\" id=\"foogallery-gallery-781\" data-foogallery=\"{&quot;item&quot;:{&quot;showCaptionTitle&quot;:true,&quot;showCaptionDescription&quot;:true},&quot;lazy&quot;:true}\" style=\"--fg-title-line-clamp: 0; --fg-description-line-clamp: 0;\" >\n\t<div class=\"fg-item fg-type-image fg-idle\"><figure class=\"fg-item-inner\"><a href=\"https:\/\/benedict-witzenberger.de\/wordpress\/wp-content\/uploads\/2020\/03\/SRF-Corona-Dashboard.png\" rel='magnific' data-caption-desc=\"Das Dashboard des SRF\" data-attachment-id=\"762\" data-type=\"image\" class=\"fg-thumb\"><span class=\"fg-image-wrap\"><img width=\"150\" height=\"150\" class=\"skip-lazy fg-image\" data-src-fg=\"https:\/\/benedict-witzenberger.de\/wordpress\/wp-content\/uploads\/cache\/2020\/03\/SRF-Corona-Dashboard\/3021833011.png\" src=\"data:image\/svg+xml,%3Csvg%20xmlns%3D%22http%3A%2F%2Fwww.w3.org%2F2000%2Fsvg%22%20width%3D%22150%22%20height%3D%22150%22%20viewBox%3D%220%200%20150%20150%22%3E%3C%2Fsvg%3E\" loading=\"eager\"><\/span><span class=\"fg-image-overlay\"><\/span><\/a><figcaption class=\"fg-caption\"><div class=\"fg-caption-inner\"><div class=\"fg-caption-desc\">Das Dashboard des SRF<\/div><\/div><\/figcaption><\/figure><div class=\"fg-loader\"><\/div><\/div><div class=\"fg-item fg-type-image fg-idle\"><figure class=\"fg-item-inner\"><a href=\"https:\/\/benedict-witzenberger.de\/wordpress\/wp-content\/uploads\/2020\/03\/NZZ-Corona-Dashboard.png\" rel='magnific' data-caption-desc=\"Das Dashboard der NZZ\" data-attachment-id=\"734\" data-type=\"image\" class=\"fg-thumb\"><span class=\"fg-image-wrap\"><img alt=\"Screenshot NZZ Coronavirus-Dashboard\" width=\"150\" height=\"150\" class=\"skip-lazy fg-image\" data-src-fg=\"https:\/\/benedict-witzenberger.de\/wordpress\/wp-content\/uploads\/cache\/2020\/03\/NZZ-Corona-Dashboard\/404270614.png\" src=\"data:image\/svg+xml,%3Csvg%20xmlns%3D%22http%3A%2F%2Fwww.w3.org%2F2000%2Fsvg%22%20width%3D%22150%22%20height%3D%22150%22%20viewBox%3D%220%200%20150%20150%22%3E%3C%2Fsvg%3E\" loading=\"eager\"><\/span><span class=\"fg-image-overlay\"><\/span><\/a><figcaption class=\"fg-caption\"><div class=\"fg-caption-inner\"><div class=\"fg-caption-desc\">Das Dashboard der NZZ<\/div><\/div><\/figcaption><\/figure><div class=\"fg-loader\"><\/div><\/div><div class=\"fg-item fg-type-image fg-idle\"><figure class=\"fg-item-inner\"><a href=\"https:\/\/benedict-witzenberger.de\/wordpress\/wp-content\/uploads\/2020\/03\/Spon-Corona-Dashboard.png\" rel='magnific' data-caption-desc=\"Das Dashboard des Spiegels\" data-attachment-id=\"735\" data-type=\"image\" class=\"fg-thumb\"><span class=\"fg-image-wrap\"><img alt=\"Screenshot Spiegel.de Coronavirus-Dashboard\" width=\"150\" height=\"150\" class=\"skip-lazy fg-image\" data-src-fg=\"https:\/\/benedict-witzenberger.de\/wordpress\/wp-content\/uploads\/cache\/2020\/03\/Spon-Corona-Dashboard\/2368506102.png\" src=\"data:image\/svg+xml,%3Csvg%20xmlns%3D%22http%3A%2F%2Fwww.w3.org%2F2000%2Fsvg%22%20width%3D%22150%22%20height%3D%22150%22%20viewBox%3D%220%200%20150%20150%22%3E%3C%2Fsvg%3E\" loading=\"eager\"><\/span><span class=\"fg-image-overlay\"><\/span><\/a><figcaption class=\"fg-caption\"><div class=\"fg-caption-inner\"><div class=\"fg-caption-desc\">Das Dashboard des Spiegels<\/div><\/div><\/figcaption><\/figure><div class=\"fg-loader\"><\/div><\/div><div class=\"fg-item fg-type-image fg-idle\"><figure class=\"fg-item-inner\"><a href=\"https:\/\/benedict-witzenberger.de\/wordpress\/wp-content\/uploads\/2020\/03\/SZ-Corona-Dashboard-Bundeslaender.png\" rel='magnific' data-caption-desc=\"Das Bundesl\u00e4nder-Dashboard der SZ\" data-attachment-id=\"763\" data-type=\"image\" class=\"fg-thumb\"><span class=\"fg-image-wrap\"><img width=\"150\" height=\"150\" class=\"skip-lazy fg-image\" data-src-fg=\"https:\/\/benedict-witzenberger.de\/wordpress\/wp-content\/uploads\/cache\/2020\/03\/SZ-Corona-Dashboard-Bundeslaender\/3925564957.png\" src=\"data:image\/svg+xml,%3Csvg%20xmlns%3D%22http%3A%2F%2Fwww.w3.org%2F2000%2Fsvg%22%20width%3D%22150%22%20height%3D%22150%22%20viewBox%3D%220%200%20150%20150%22%3E%3C%2Fsvg%3E\" loading=\"eager\"><\/span><span class=\"fg-image-overlay\"><\/span><\/a><figcaption class=\"fg-caption\"><div class=\"fg-caption-inner\"><div class=\"fg-caption-desc\">Das Bundesl\u00e4nder-Dashboard der SZ<\/div><\/div><\/figcaption><\/figure><div class=\"fg-loader\"><\/div><\/div><div class=\"fg-item fg-type-image fg-idle\"><figure class=\"fg-item-inner\"><a href=\"https:\/\/benedict-witzenberger.de\/wordpress\/wp-content\/uploads\/2020\/04\/Tagesspiegel-Corona-Dashboard.png\" rel='magnific' data-caption-desc=\"Das Dashboard des Berliner Tagesspiegel\" data-attachment-id=\"782\" data-type=\"image\" class=\"fg-thumb\"><span class=\"fg-image-wrap\"><img width=\"150\" height=\"150\" class=\"skip-lazy fg-image\" data-src-fg=\"https:\/\/benedict-witzenberger.de\/wordpress\/wp-content\/uploads\/cache\/2020\/04\/Tagesspiegel-Corona-Dashboard\/720073691.png\" src=\"data:image\/svg+xml,%3Csvg%20xmlns%3D%22http%3A%2F%2Fwww.w3.org%2F2000%2Fsvg%22%20width%3D%22150%22%20height%3D%22150%22%20viewBox%3D%220%200%20150%20150%22%3E%3C%2Fsvg%3E\" loading=\"eager\"><\/span><span class=\"fg-image-overlay\"><\/span><\/a><figcaption class=\"fg-caption\"><div class=\"fg-caption-inner\"><div class=\"fg-caption-desc\">Das Dashboard des Berliner Tagesspiegel<\/div><\/div><\/figcaption><\/figure><div class=\"fg-loader\"><\/div><\/div><div class=\"fg-item fg-type-image fg-idle\"><figure class=\"fg-item-inner\"><a href=\"https:\/\/benedict-witzenberger.de\/wordpress\/wp-content\/uploads\/2020\/04\/RBB-Corona-Dashboard.png\" rel='magnific' data-caption-desc=\"Das Dashboard des RBB\" data-attachment-id=\"793\" data-type=\"image\" class=\"fg-thumb\"><span class=\"fg-image-wrap\"><img width=\"150\" height=\"150\" class=\"skip-lazy fg-image\" data-src-fg=\"https:\/\/benedict-witzenberger.de\/wordpress\/wp-content\/uploads\/cache\/2020\/04\/RBB-Corona-Dashboard\/541174380.png\" src=\"data:image\/svg+xml,%3Csvg%20xmlns%3D%22http%3A%2F%2Fwww.w3.org%2F2000%2Fsvg%22%20width%3D%22150%22%20height%3D%22150%22%20viewBox%3D%220%200%20150%20150%22%3E%3C%2Fsvg%3E\" loading=\"eager\"><\/span><span class=\"fg-image-overlay\"><\/span><\/a><figcaption class=\"fg-caption\"><div class=\"fg-caption-inner\"><div class=\"fg-caption-desc\">Das Dashboard des RBB<\/div><\/div><\/figcaption><\/figure><div class=\"fg-loader\"><\/div><\/div><\/div>\n\n\n\n<p><\/p>\n\n\n\n<p>Es ist sehr spannend zu sehen, welch tolle Projekte das traurige Thema Coronavirus m\u00f6glichmacht. Ich werde hier bestimmt ein relevantes vergessen, deswegen nur ein paar Beispiele:<\/p>\n\n\n\n<ul><li>Harry Stevens von der Washington Post hat <a rel=\"noreferrer noopener\" href=\"https:\/\/www.washingtonpost.com\/graphics\/2020\/world\/corona-simulator\/\" target=\"_blank\">verschiedene Corona-Szenarien simuliert<\/a> ($).<\/li><li>Die New York Times zeichnet <a rel=\"noreferrer noopener\" href=\"https:\/\/www.nytimes.com\/interactive\/2020\/03\/22\/world\/coronavirus-spread.html\" target=\"_blank\">die Ausbreitung des Virus nach<\/a>.<\/li><li>Die Zeit sammelt die <a rel=\"noreferrer noopener\" href=\"https:\/\/www.zeit.de\/wissen\/gesundheit\/2020-03\/coronavirus-deutschland-infektionen-faelle-verbreitung-epidemie-karte\" target=\"_blank\">Daten aus allen 401<\/a><a href=\"https:\/\/www.zeit.de\/wissen\/gesundheit\/2020-03\/coronavirus-deutschland-infektionen-faelle-verbreitung-epidemie-karte\" target=\"_blank\" rel=\"noreferrer noopener\"> <\/a><a rel=\"noreferrer noopener\" href=\"https:\/\/www.zeit.de\/wissen\/gesundheit\/2020-03\/coronavirus-deutschland-infektionen-faelle-verbreitung-epidemie-karte\" target=\"_blank\">Gesundheits\u00e4mtern<\/a>.<\/li><li>Der Spiegel hat sich die <a rel=\"noreferrer noopener\" href=\"https:\/\/www.spiegel.de\/panorama\/coronavirus-wirken-die-ausgangsbeschraenkungen-datenanalyse-zum-oeffentlichen-leben-a-3002d1f9-8199-4973-ac04-87722694c2e7\" target=\"_blank\">Auswirkungen auf deutsche Innenst\u00e4dte angeschaut<\/a>.<\/li><li>Mein Kollege Christian Endt <a rel=\"noreferrer noopener\" href=\"https:\/\/projekte.sueddeutsche.de\/artikel\/wissen\/coronavirus-die-wucht-der-grossen-zahl-e575082\/\" target=\"_blank\">hat exponentielles Wachstum erkl\u00e4rt<\/a>.<\/li><li>Mehrere Autorinnen und Autoren der SZ <a rel=\"noreferrer noopener\" href=\"https:\/\/projekte.sueddeutsche.de\/artikel\/wissen\/coronavirus-der-lange-weg-durch-die-pandemie-e548817\/?reduced=true\" target=\"_blank\">haben verschiedene Corona-Modelle f\u00fcr Deutschland durchgespielt<\/a> (\u20ac).<\/li><\/ul>\n\n\n\n<p> Was k\u00f6nnen wir bis hierhin lernen? <\/p>\n\n\n\n<ul><li>Austausch mit anderen Datenjournalisten hilft enorm, die eigene Arbeit zu verbessern. Und um zu sehen, dass alle \u00e4hnliche Probleme haben.<\/li><li>In der Krise liegen Chancen &#8211; wir haben einen richtig hohen Output aktuell, k\u00f6nnen also auch viele neue Erz\u00e4hl- oder Visualisierungsformen ausprobieren.<\/li><li>Die Datenbasis ist nicht optimal. Aber sie verbessert sich. Das ist ein gutes Zeichen.<\/li><li>Die FT, allen voran <a rel=\"noreferrer noopener\" href=\"https:\/\/twitter.com\/jburnmurdoch\" target=\"_blank\">John Burn-Murdoch<\/a>, sind die aktuellen <a href=\"https:\/\/twitter.com\/FinancialTimes\/status\/1244509663124574208\" target=\"_blank\" rel=\"noreferrer noopener\">Sterne am Datenjournalistenhimmel<\/a>. Nicht nur, aber auch wegen dieser Grafik:<\/li><\/ul>\n\n\n\n<figure class=\"wp-block-image size-large\"><img loading=\"lazy\" width=\"700\" height=\"510\" src=\"https:\/\/benedict-witzenberger.de\/wordpress\/wp-content\/uploads\/2020\/03\/FT-Corona-Dashboard.png\" alt=\"Screenshot Financial Times Coronavirus-Dashboard\" class=\"wp-image-733\" srcset=\"https:\/\/benedict-witzenberger.de\/wordpress\/wp-content\/uploads\/2020\/03\/FT-Corona-Dashboard.png 700w, https:\/\/benedict-witzenberger.de\/wordpress\/wp-content\/uploads\/2020\/03\/FT-Corona-Dashboard-300x219.png 300w\" sizes=\"(max-width: 700px) 100vw, 700px\" \/><figcaption>Corona-Grafik der FT<\/figcaption><\/figure>\n\n\n\n<p>Die FT traut sich an ziemlich verr\u00fcckte Darstellungen. Das h\u00e4ngt vermutlich auch mit ihrem eher zahlenaffinen Publikum zusammen. Um es einen Kollegen vom Spiegel formulieren zu lassen:<\/p>\n\n\n\n<div class=\"eucookie\" style=\"color:#FFFFFF; background: rgba(26,188,156,0.85) url('https:\/\/benedict-witzenberger.de\/wordpress\/wp-content\/plugins\/eu-cookie-law\/img\/block.png') no-repeat; background-position: -30px -20px; width:550;height:<figure class;\"><span><b>Der Inhalt ist nicht verf\u00fcgbar.<\/b><br><small>Bitte erlaube Cookies, indem du auf \u00dcbernehmen im Banner klickst.<\/small><\/span><\/div><div class=\"clear\"><\/div>\n\n\n\n<p>Das Coronavirus wird uns noch lange begleiten. Wenn man darin etwas Positives sehen will: Es hat die Datenjournalistenszene auf jeden Fall zu tollen Projekten angeregt.<\/p>\n\n\n\n<p><em>Anmerkung: <\/em><br><em>Seit der Ver\u00f6ffentlichung habe ich einige Fakten im Text korrigiert: <\/em><br><em>Risklayer war nie eine Quelle von Zeit Online. Die sammeln ihre Daten in Kooperation mit Coronovirus.jetzt. <\/em><br><em>Die Daten der Johns-Hopkins-Universit\u00e4t f\u00fcr Deutschland haben neben Funke Interaktiv mindestens noch Zeit Online und den Tagesspiegel als Quelle. Tagesschau.de und NDR Data haben <a href=\"https:\/\/www.tagesschau.de\/inland\/johns-hopkins-uni-corona-zahlen-101.html\" target=\"_blank\" rel=\"noreferrer noopener\">mehr dazu recherchiert<\/a>. (Danke f\u00fcr den Hinweis, Julius)<\/em><\/p>\n","protected":false},"excerpt":{"rendered":"<p>Es gibt momentan nur ein Thema: das Coronavirus. Covid-19 bringt Nachrichtenwebseiten Rekordzugriffszahlen und Datenjournalisten gro\u00dfe Aufmerksamkeit. Allerdings birgt das Thema auch manche Probleme. Ein paar Gedanken. Mysteri\u00f6se Lungenkrankheit in Zentralchina ausgebrochen dpa, 31. Dezember 2019 So lautet die \u00dcberschrift einer <a href=\"https:\/\/benedict-witzenberger.de\/wordpress\/2020\/04\/03\/wie-datenjournalisten-ueber-das-coronavirus-berichten\/\"><\/p>\n<div class=\"read-more\">\n<p>Read more &#8250;<\/p>\n<\/div>\n<p><!-- end of .read-more --><\/a><\/p>\n","protected":false},"author":1,"featured_media":807,"comment_status":"closed","ping_status":"closed","sticky":false,"template":"","format":"standard","meta":[],"categories":[8],"tags":[57,55,58,56],"yoast_head":"<!-- This site is optimized with the Yoast SEO plugin v19.4 - https:\/\/yoast.com\/wordpress\/plugins\/seo\/ -->\n<title>Wie Datenjournalisten \u00fcber das Coronavirus berichten &bull; Benedict Witzenberger<\/title>\n<meta name=\"description\" content=\"Das Coronavirus bringt Nachrichtenwebseiten Rekordzugriffszahlen und Datenjournalisten gro\u00dfe Aufmerksamkeit. Allerdings birgt das Thema auch Probleme.\" \/>\n<meta name=\"robots\" content=\"index, follow, max-snippet:-1, max-image-preview:large, max-video-preview:-1\" \/>\n<link rel=\"canonical\" href=\"https:\/\/benedict-witzenberger.de\/wordpress\/2020\/04\/03\/wie-datenjournalisten-ueber-das-coronavirus-berichten\/\" \/>\n<meta property=\"og:locale\" content=\"de_DE\" \/>\n<meta property=\"og:type\" content=\"article\" \/>\n<meta property=\"og:title\" content=\"Wie Datenjournalisten \u00fcber das Coronavirus berichten &bull; Benedict Witzenberger\" \/>\n<meta property=\"og:description\" content=\"Das Coronavirus bringt Nachrichtenwebseiten Rekordzugriffszahlen und Datenjournalisten gro\u00dfe Aufmerksamkeit. Allerdings birgt das Thema auch Probleme.\" \/>\n<meta property=\"og:url\" content=\"https:\/\/benedict-witzenberger.de\/wordpress\/2020\/04\/03\/wie-datenjournalisten-ueber-das-coronavirus-berichten\/\" \/>\n<meta property=\"og:site_name\" content=\"Benedict Witzenberger\" \/>\n<meta property=\"article:published_time\" content=\"2020-04-03T13:23:00+00:00\" \/>\n<meta property=\"article:modified_time\" content=\"2020-04-03T13:24:09+00:00\" \/>\n<meta property=\"og:image\" content=\"https:\/\/benedict-witzenberger.de\/wordpress\/wp-content\/uploads\/2020\/04\/teaser-coronavirus-handy.jpg\" \/>\n\t<meta property=\"og:image:width\" content=\"1240\" \/>\n\t<meta property=\"og:image:height\" content=\"698\" \/>\n\t<meta property=\"og:image:type\" content=\"image\/jpeg\" \/>\n<meta name=\"author\" content=\"Benedict Witzenberger\" \/>\n<meta name=\"twitter:card\" content=\"summary\" \/>\n<meta name=\"twitter:creator\" content=\"@munichrocker\" \/>\n<meta name=\"twitter:site\" content=\"@munichrocker\" \/>\n<meta name=\"twitter:label1\" content=\"Verfasst von\" \/>\n\t<meta name=\"twitter:data1\" content=\"Benedict Witzenberger\" \/>\n\t<meta name=\"twitter:label2\" content=\"Gesch\u00e4tzte Lesezeit\" \/>\n\t<meta name=\"twitter:data2\" content=\"9\u00a0Minuten\" \/>\n<script type=\"application\/ld+json\" class=\"yoast-schema-graph\">{\"@context\":\"https:\/\/schema.org\",\"@graph\":[{\"@type\":\"WebSite\",\"@id\":\"https:\/\/benedict-witzenberger.de\/wordpress\/#website\",\"url\":\"https:\/\/benedict-witzenberger.de\/wordpress\/\",\"name\":\"Benedict Witzenberger\",\"description\":\"#ddj-Blog and personal portfolio page\",\"publisher\":{\"@id\":\"https:\/\/benedict-witzenberger.de\/wordpress\/#\/schema\/person\/ec6b0c6e16ce10af4a73b4dafefeceae\"},\"potentialAction\":[{\"@type\":\"SearchAction\",\"target\":{\"@type\":\"EntryPoint\",\"urlTemplate\":\"https:\/\/benedict-witzenberger.de\/wordpress\/?s={search_term_string}\"},\"query-input\":\"required name=search_term_string\"}],\"inLanguage\":\"de\"},{\"@type\":\"WebPage\",\"@id\":\"https:\/\/benedict-witzenberger.de\/wordpress\/2020\/04\/03\/wie-datenjournalisten-ueber-das-coronavirus-berichten\/\",\"url\":\"https:\/\/benedict-witzenberger.de\/wordpress\/2020\/04\/03\/wie-datenjournalisten-ueber-das-coronavirus-berichten\/\",\"name\":\"Wie Datenjournalisten \u00fcber das Coronavirus berichten &bull; Benedict Witzenberger\",\"isPartOf\":{\"@id\":\"https:\/\/benedict-witzenberger.de\/wordpress\/#website\"},\"datePublished\":\"2020-04-03T13:23:00+00:00\",\"dateModified\":\"2020-04-03T13:24:09+00:00\",\"description\":\"Das Coronavirus bringt Nachrichtenwebseiten Rekordzugriffszahlen und Datenjournalisten gro\u00dfe Aufmerksamkeit. Allerdings birgt das Thema auch Probleme.\",\"breadcrumb\":{\"@id\":\"https:\/\/benedict-witzenberger.de\/wordpress\/2020\/04\/03\/wie-datenjournalisten-ueber-das-coronavirus-berichten\/#breadcrumb\"},\"inLanguage\":\"de\",\"potentialAction\":[{\"@type\":\"ReadAction\",\"target\":[\"https:\/\/benedict-witzenberger.de\/wordpress\/2020\/04\/03\/wie-datenjournalisten-ueber-das-coronavirus-berichten\/\"]}]},{\"@type\":\"BreadcrumbList\",\"@id\":\"https:\/\/benedict-witzenberger.de\/wordpress\/2020\/04\/03\/wie-datenjournalisten-ueber-das-coronavirus-berichten\/#breadcrumb\",\"itemListElement\":[{\"@type\":\"ListItem\",\"position\":1,\"name\":\"Startseite\",\"item\":\"https:\/\/benedict-witzenberger.de\/wordpress\/\"},{\"@type\":\"ListItem\",\"position\":2,\"name\":\"Wie Datenjournalisten \u00fcber das Coronavirus berichten\"}]},{\"@type\":\"Article\",\"@id\":\"https:\/\/benedict-witzenberger.de\/wordpress\/2020\/04\/03\/wie-datenjournalisten-ueber-das-coronavirus-berichten\/#article\",\"isPartOf\":{\"@id\":\"https:\/\/benedict-witzenberger.de\/wordpress\/2020\/04\/03\/wie-datenjournalisten-ueber-das-coronavirus-berichten\/\"},\"author\":{\"name\":\"Benedict Witzenberger\",\"@id\":\"https:\/\/benedict-witzenberger.de\/wordpress\/#\/schema\/person\/ec6b0c6e16ce10af4a73b4dafefeceae\"},\"headline\":\"Wie Datenjournalisten \u00fcber das Coronavirus berichten\",\"datePublished\":\"2020-04-03T13:23:00+00:00\",\"dateModified\":\"2020-04-03T13:24:09+00:00\",\"mainEntityOfPage\":{\"@id\":\"https:\/\/benedict-witzenberger.de\/wordpress\/2020\/04\/03\/wie-datenjournalisten-ueber-das-coronavirus-berichten\/\"},\"wordCount\":1897,\"publisher\":{\"@id\":\"https:\/\/benedict-witzenberger.de\/wordpress\/#\/schema\/person\/ec6b0c6e16ce10af4a73b4dafefeceae\"},\"keywords\":[\"Coronavirus\",\"Covid-19\",\"Daten\",\"Datenjournalismus\"],\"articleSection\":[\"Werkstatt\"],\"inLanguage\":\"de\"},{\"@type\":[\"Person\",\"Organization\"],\"@id\":\"https:\/\/benedict-witzenberger.de\/wordpress\/#\/schema\/person\/ec6b0c6e16ce10af4a73b4dafefeceae\",\"name\":\"Benedict Witzenberger\",\"image\":{\"@type\":\"ImageObject\",\"inLanguage\":\"de\",\"@id\":\"https:\/\/benedict-witzenberger.de\/wordpress\/#\/schema\/person\/image\/\",\"url\":\"https:\/\/secure.gravatar.com\/avatar\/a0a634cefbade1a34310db77ccc3fe5d?s=96&d=mm&r=g\",\"contentUrl\":\"https:\/\/secure.gravatar.com\/avatar\/a0a634cefbade1a34310db77ccc3fe5d?s=96&d=mm&r=g\",\"caption\":\"Benedict Witzenberger\"},\"logo\":{\"@id\":\"https:\/\/benedict-witzenberger.de\/wordpress\/#\/schema\/person\/image\/\"},\"url\":\"https:\/\/benedict-witzenberger.de\/wordpress\/author\/benedict\/\"}]}<\/script>\n<!-- \/ Yoast SEO plugin. -->","yoast_head_json":{"title":"Wie Datenjournalisten \u00fcber das Coronavirus berichten &bull; Benedict Witzenberger","description":"Das Coronavirus bringt Nachrichtenwebseiten Rekordzugriffszahlen und Datenjournalisten gro\u00dfe Aufmerksamkeit. Allerdings birgt das Thema auch Probleme.","robots":{"index":"index","follow":"follow","max-snippet":"max-snippet:-1","max-image-preview":"max-image-preview:large","max-video-preview":"max-video-preview:-1"},"canonical":"https:\/\/benedict-witzenberger.de\/wordpress\/2020\/04\/03\/wie-datenjournalisten-ueber-das-coronavirus-berichten\/","og_locale":"de_DE","og_type":"article","og_title":"Wie Datenjournalisten \u00fcber das Coronavirus berichten &bull; Benedict Witzenberger","og_description":"Das Coronavirus bringt Nachrichtenwebseiten Rekordzugriffszahlen und Datenjournalisten gro\u00dfe Aufmerksamkeit. Allerdings birgt das Thema auch Probleme.","og_url":"https:\/\/benedict-witzenberger.de\/wordpress\/2020\/04\/03\/wie-datenjournalisten-ueber-das-coronavirus-berichten\/","og_site_name":"Benedict Witzenberger","article_published_time":"2020-04-03T13:23:00+00:00","article_modified_time":"2020-04-03T13:24:09+00:00","og_image":[{"width":1240,"height":698,"url":"https:\/\/benedict-witzenberger.de\/wordpress\/wp-content\/uploads\/2020\/04\/teaser-coronavirus-handy.jpg","type":"image\/jpeg"}],"author":"Benedict Witzenberger","twitter_card":"summary","twitter_creator":"@munichrocker","twitter_site":"@munichrocker","twitter_misc":{"Verfasst von":"Benedict Witzenberger","Gesch\u00e4tzte Lesezeit":"9\u00a0Minuten"},"schema":{"@context":"https:\/\/schema.org","@graph":[{"@type":"WebSite","@id":"https:\/\/benedict-witzenberger.de\/wordpress\/#website","url":"https:\/\/benedict-witzenberger.de\/wordpress\/","name":"Benedict Witzenberger","description":"#ddj-Blog and personal portfolio page","publisher":{"@id":"https:\/\/benedict-witzenberger.de\/wordpress\/#\/schema\/person\/ec6b0c6e16ce10af4a73b4dafefeceae"},"potentialAction":[{"@type":"SearchAction","target":{"@type":"EntryPoint","urlTemplate":"https:\/\/benedict-witzenberger.de\/wordpress\/?s={search_term_string}"},"query-input":"required name=search_term_string"}],"inLanguage":"de"},{"@type":"WebPage","@id":"https:\/\/benedict-witzenberger.de\/wordpress\/2020\/04\/03\/wie-datenjournalisten-ueber-das-coronavirus-berichten\/","url":"https:\/\/benedict-witzenberger.de\/wordpress\/2020\/04\/03\/wie-datenjournalisten-ueber-das-coronavirus-berichten\/","name":"Wie Datenjournalisten \u00fcber das Coronavirus berichten &bull; Benedict Witzenberger","isPartOf":{"@id":"https:\/\/benedict-witzenberger.de\/wordpress\/#website"},"datePublished":"2020-04-03T13:23:00+00:00","dateModified":"2020-04-03T13:24:09+00:00","description":"Das Coronavirus bringt Nachrichtenwebseiten Rekordzugriffszahlen und Datenjournalisten gro\u00dfe Aufmerksamkeit. Allerdings birgt das Thema auch Probleme.","breadcrumb":{"@id":"https:\/\/benedict-witzenberger.de\/wordpress\/2020\/04\/03\/wie-datenjournalisten-ueber-das-coronavirus-berichten\/#breadcrumb"},"inLanguage":"de","potentialAction":[{"@type":"ReadAction","target":["https:\/\/benedict-witzenberger.de\/wordpress\/2020\/04\/03\/wie-datenjournalisten-ueber-das-coronavirus-berichten\/"]}]},{"@type":"BreadcrumbList","@id":"https:\/\/benedict-witzenberger.de\/wordpress\/2020\/04\/03\/wie-datenjournalisten-ueber-das-coronavirus-berichten\/#breadcrumb","itemListElement":[{"@type":"ListItem","position":1,"name":"Startseite","item":"https:\/\/benedict-witzenberger.de\/wordpress\/"},{"@type":"ListItem","position":2,"name":"Wie Datenjournalisten \u00fcber das Coronavirus berichten"}]},{"@type":"Article","@id":"https:\/\/benedict-witzenberger.de\/wordpress\/2020\/04\/03\/wie-datenjournalisten-ueber-das-coronavirus-berichten\/#article","isPartOf":{"@id":"https:\/\/benedict-witzenberger.de\/wordpress\/2020\/04\/03\/wie-datenjournalisten-ueber-das-coronavirus-berichten\/"},"author":{"name":"Benedict Witzenberger","@id":"https:\/\/benedict-witzenberger.de\/wordpress\/#\/schema\/person\/ec6b0c6e16ce10af4a73b4dafefeceae"},"headline":"Wie Datenjournalisten \u00fcber das Coronavirus berichten","datePublished":"2020-04-03T13:23:00+00:00","dateModified":"2020-04-03T13:24:09+00:00","mainEntityOfPage":{"@id":"https:\/\/benedict-witzenberger.de\/wordpress\/2020\/04\/03\/wie-datenjournalisten-ueber-das-coronavirus-berichten\/"},"wordCount":1897,"publisher":{"@id":"https:\/\/benedict-witzenberger.de\/wordpress\/#\/schema\/person\/ec6b0c6e16ce10af4a73b4dafefeceae"},"keywords":["Coronavirus","Covid-19","Daten","Datenjournalismus"],"articleSection":["Werkstatt"],"inLanguage":"de"},{"@type":["Person","Organization"],"@id":"https:\/\/benedict-witzenberger.de\/wordpress\/#\/schema\/person\/ec6b0c6e16ce10af4a73b4dafefeceae","name":"Benedict Witzenberger","image":{"@type":"ImageObject","inLanguage":"de","@id":"https:\/\/benedict-witzenberger.de\/wordpress\/#\/schema\/person\/image\/","url":"https:\/\/secure.gravatar.com\/avatar\/a0a634cefbade1a34310db77ccc3fe5d?s=96&d=mm&r=g","contentUrl":"https:\/\/secure.gravatar.com\/avatar\/a0a634cefbade1a34310db77ccc3fe5d?s=96&d=mm&r=g","caption":"Benedict Witzenberger"},"logo":{"@id":"https:\/\/benedict-witzenberger.de\/wordpress\/#\/schema\/person\/image\/"},"url":"https:\/\/benedict-witzenberger.de\/wordpress\/author\/benedict\/"}]}},"_links":{"self":[{"href":"https:\/\/benedict-witzenberger.de\/wordpress\/wp-json\/wp\/v2\/posts\/730"}],"collection":[{"href":"https:\/\/benedict-witzenberger.de\/wordpress\/wp-json\/wp\/v2\/posts"}],"about":[{"href":"https:\/\/benedict-witzenberger.de\/wordpress\/wp-json\/wp\/v2\/types\/post"}],"author":[{"embeddable":true,"href":"https:\/\/benedict-witzenberger.de\/wordpress\/wp-json\/wp\/v2\/users\/1"}],"replies":[{"embeddable":true,"href":"https:\/\/benedict-witzenberger.de\/wordpress\/wp-json\/wp\/v2\/comments?post=730"}],"version-history":[{"count":10,"href":"https:\/\/benedict-witzenberger.de\/wordpress\/wp-json\/wp\/v2\/posts\/730\/revisions"}],"predecessor-version":[{"id":810,"href":"https:\/\/benedict-witzenberger.de\/wordpress\/wp-json\/wp\/v2\/posts\/730\/revisions\/810"}],"wp:featuredmedia":[{"embeddable":true,"href":"https:\/\/benedict-witzenberger.de\/wordpress\/wp-json\/wp\/v2\/media\/807"}],"wp:attachment":[{"href":"https:\/\/benedict-witzenberger.de\/wordpress\/wp-json\/wp\/v2\/media?parent=730"}],"wp:term":[{"taxonomy":"category","embeddable":true,"href":"https:\/\/benedict-witzenberger.de\/wordpress\/wp-json\/wp\/v2\/categories?post=730"},{"taxonomy":"post_tag","embeddable":true,"href":"https:\/\/benedict-witzenberger.de\/wordpress\/wp-json\/wp\/v2\/tags?post=730"}],"curies":[{"name":"wp","href":"https:\/\/api.w.org\/{rel}","templated":true}]}}